{"id":1362,"date":"2023-03-23T12:37:51","date_gmt":"2023-03-23T11:37:51","guid":{"rendered":"https:\/\/capoeira-uniao.de\/blog\/?p=1362"},"modified":"2025-11-05T12:22:46","modified_gmt":"2025-11-05T11:22:46","slug":"event-1-april-2023","status":"publish","type":"post","link":"https:\/\/capoeira-uniao.de\/blog\/event-1-april-2023\/","title":{"rendered":"Event am 01.04.2023"},"content":{"rendered":"<p>[et_pb_section fb_built=&#8220;1&#8243; admin_label=&#8220;Hero&#8220; _builder_version=&#8220;4.19.2&#8243; background_color=&#8220;#00457A&#8220; use_background_color_gradient=&#8220;on&#8220; background_color_gradient_stops=&#8220;rgba(0,0,0,0.5) 0%|rgba(0,0,0,0) 100%&#8220; background_color_gradient_overlays_image=&#8220;on&#8220; background_color_gradient_start=&#8220;rgba(0,0,0,0.5)&#8220; background_color_gradient_end=&#8220;rgba(0,0,0,0)&#8220; background_enable_image=&#8220;off&#8220; custom_margin=&#8220;|||&#8220; custom_padding=&#8220;92px|51px|0px|||&#8220; bottom_divider_style=&#8220;slant&#8220; bottom_divider_color=&#8220;#ffffff&#8220; bottom_divider_flip=&#8220;horizontal&#8220; animation_style=&#8220;slide&#8220; animation_direction=&#8220;top&#8220; animation_intensity_slide=&#8220;5%&#8220; animation_starting_opacity=&#8220;100%&#8220; global_colors_info=&#8220;{}&#8220;][et_pb_row column_structure=&#8220;3_4,1_4&#8243; _builder_version=&#8220;4.19.2&#8243; background_size=&#8220;initial&#8220; background_position=&#8220;top_left&#8220; background_repeat=&#8220;repeat&#8220; transform_translate=&#8220;-12px|-11px&#8220; width=&#8220;100%&#8220; min_height=&#8220;466px&#8220; custom_margin=&#8220;|auto|8px|17px||&#8220; custom_padding=&#8220;0px|0px|48px|0px||&#8220; global_colors_info=&#8220;{}&#8220;][et_pb_column type=&#8220;3_4&#8243; _builder_version=&#8220;4.16&#8243; custom_padding=&#8220;|||&#8220; global_colors_info=&#8220;{}&#8220; custom_padding__hover=&#8220;|||&#8220;][et_pb_text _builder_version=&#8220;4.19.2&#8243; text_font=&#8220;Montserrat|300|||||||&#8220; text_font_size=&#8220;20px&#8220; text_line_height=&#8220;1.8em&#8220; transform_scale=&#8220;108%|108%&#8220; transform_translate=&#8220;3px|-25px&#8220; background_layout=&#8220;dark&#8220; width=&#8220;100%&#8220; custom_padding=&#8220;|0px|0px|||&#8220; animation_style=&#8220;zoom&#8220; animation_direction=&#8220;left&#8220; animation_delay=&#8220;100ms&#8220; animation_intensity_zoom=&#8220;10%&#8220; global_colors_info=&#8220;{}&#8220;]<\/p>\n<h3>Capoeira Treffen<br \/>am 01.04.2023<br \/>in RAVENSBURG, Deutschland<\/h3>\n<p style=\"text-align: left;\">Das gr\u00f6\u00dfte Capoeira Treffen am Bodensee, mit vielen G\u00e4sten aus aller Welt.<\/p>\n<p style=\"text-align: left;\">Kommt vorbei und erlebt Capoeira in Workshops,\u00a0 Kordelvergabe, Musik und gemeinsames Spielen in der Capoeira-Roda<\/p>\n<p>Ort:<br \/>KJC Ravensburg Sportcenter<br \/>Br\u00fchlstra\u00dfe 36,<br \/>88212 Ravensburg<\/p>\n<p>&nbsp;<\/p>\n<p>[\/et_pb_text][\/et_pb_column][et_pb_column type=&#8220;1_4&#8243; _builder_version=&#8220;4.16&#8243; custom_padding=&#8220;|||&#8220; global_colors_info=&#8220;{}&#8220; custom_padding__hover=&#8220;|||&#8220;][\/et_pb_column][\/et_pb_row][\/et_pb_section][et_pb_section fb_built=&#8220;1&#8243; admin_label=&#8220;About&#8220; _builder_version=&#8220;4.16&#8243; custom_padding=&#8220;10px||24px|||&#8220; global_colors_info=&#8220;{}&#8220;][et_pb_row _builder_version=&#8220;4.16&#8243; custom_margin=&#8220;|auto|-16px|auto||&#8220; custom_padding=&#8220;0px|||||&#8220; global_colors_info=&#8220;{}&#8220;][et_pb_column type=&#8220;4_4&#8243; _builder_version=&#8220;4.16&#8243; custom_padding=&#8220;|||&#8220; global_colors_info=&#8220;{}&#8220; custom_padding__hover=&#8220;|||&#8220;][et_pb_countdown_timer date_time=&#8220;2023-04-01 11:00&#8243; _builder_version=&#8220;4.19.2&#8243; header_text_align=&#8220;justify&#8220; numbers_font=&#8220;Montserrat|500|||||||&#8220; numbers_text_color=&#8220;#4866ff&#8220; numbers_font_size=&#8220;24px&#8220; label_font=&#8220;Montserrat||||||||&#8220; label_font_size=&#8220;9px&#8220; label_line_height=&#8220;7px&#8220; use_background_color=&#8220;off&#8220; background_layout=&#8220;light&#8220; header_font_tablet=&#8220;&#8220; header_font_phone=&#8220;&#8220; header_font_last_edited=&#8220;on|phone&#8220; global_colors_info=&#8220;{}&#8220;][\/et_pb_countdown_timer][\/et_pb_column][\/et_pb_row][\/et_pb_section][et_pb_section fb_built=&#8220;1&#8243; admin_label=&#8220;Video&#8220; _builder_version=&#8220;4.19.2&#8243; global_colors_info=&#8220;{}&#8220;][et_pb_row custom_padding_last_edited=&#8220;on|phone&#8220; _builder_version=&#8220;4.19.2&#8243; background_color=&#8220;RGBA(255,255,255,0)&#8220; transform_scale=&#8220;103%|103%&#8220; transform_translate=&#8220;12px|-59px&#8220; width=&#8220;95%&#8220; max_width=&#8220;130%&#8220; max_width_tablet=&#8220;130%&#8220; max_width_phone=&#8220;100%&#8220; max_width_last_edited=&#8220;on|phone&#8220; module_alignment=&#8220;left&#8220; min_height=&#8220;493.4px&#8220; min_height_tablet=&#8220;493.4px&#8220; min_height_phone=&#8220;493.4px&#8220; min_height_last_edited=&#8220;on|phone&#8220; custom_margin=&#8220;0.3%|71px||auto||&#8220; custom_margin_tablet=&#8220;-32.6%|auto||auto||&#8220; custom_margin_phone=&#8220;-10.8%|-96px||54px||&#8220; custom_margin_last_edited=&#8220;on|tablet&#8220; custom_padding=&#8220;0.8%|14.8%|8%|10%||&#8220; custom_padding_tablet=&#8220;13.2%|10%|8%|5.8%||&#8220; custom_padding_phone=&#8220;2.1%|3.2%|2.1%|4.3%|true|&#8220; animation_style=&#8220;roll&#8220; use_custom_width=&#8220;on&#8220; width_unit=&#8220;off&#8220; global_colors_info=&#8220;{}&#8220;][et_pb_column type=&#8220;4_4&#8243; admin_label=&#8220;Spalte&#8220; _builder_version=&#8220;4.19.2&#8243; background_color=&#8220;RGBA(255,255,255,0)&#8220; transform_scale=&#8220;104%|104%&#8220; transform_translate=&#8220;-7px|0px&#8220; custom_padding=&#8220;|||&#8220; global_colors_info=&#8220;{}&#8220; custom_padding__hover=&#8220;|||&#8220;][et_pb_text admin_label=&#8220;Title&#8220; _builder_version=&#8220;4.19.2&#8243; text_font=&#8220;||||||||&#8220; header_font=&#8220;||||||||&#8220; header_2_font=&#8220;Montserrat|500|||||||&#8220; header_2_font_size=&#8220;30px&#8220; background_color=&#8220;#00457A&#8220; transform_scale=&#8220;87%|87%&#8220; transform_translate=&#8220;-34px|123px&#8220; background_layout=&#8220;dark&#8220; max_width=&#8220;961px&#8220; min_height=&#8220;476.9px&#8220; custom_margin=&#8220;-81px|-35px||-23px|false|false&#8220; custom_padding=&#8220;1px|0px||12px|false|false&#8220; animation_style=&#8220;fade&#8220; global_colors_info=&#8220;{}&#8220; custom_css_after_last_edited=&#8220;on|phone&#8220; custom_css_main_element_last_edited=&#8220;on|phone&#8220; custom_css_before_last_edited=&#8220;on|phone&#8220;]<\/p>\n<h2><strong>G\u00e4ste <\/strong><\/h2>\n<h3>von Grupo Capoeira <span>UNI\u00c3O: <\/span><\/h3>\n<h3><span>Mestre Omar<br \/>Mestrando Dengoso<br \/>Professor Farinha<\/span><\/h3>\n<p><span><strong><\/strong><\/span><\/p>\n<h3><span>und aus aller <strong>WELT<\/strong><\/span><span><br \/>Contramestre Emboscada<br \/>Contramestre Adriano<br \/><\/span><span>Estagi\u00e1rio Trigo<\/span><\/h3>\n<h4><\/h4>\n<h4><\/h4>\n<h4><\/h4>\n<h3><strong>Organisation<\/strong><\/h3>\n<h4>Mestrando Soneca<br \/>Professora Artista<br \/>Aluna Formada Sereia do mar<br \/>Aluno Formado Aranha<br \/><span>Intrutora Lutadora<br \/><\/span><\/h4>\n<p>[\/et_pb_text][\/et_pb_column][\/et_pb_row][\/et_pb_section][et_pb_section fb_built=&#8220;1&#8243; admin_label=&#8220;Blog&#8220; _builder_version=&#8220;4.16&#8243; custom_padding=&#8220;0px|||||&#8220; global_colors_info=&#8220;{}&#8220;][et_pb_row _builder_version=&#8220;4.16&#8243; global_colors_info=&#8220;{}&#8220;][et_pb_column type=&#8220;4_4&#8243; _builder_version=&#8220;4.16&#8243; custom_padding=&#8220;|||&#8220; global_colors_info=&#8220;{}&#8220; custom_padding__hover=&#8220;|||&#8220;][et_pb_blog fullwidth=&#8220;off&#8220; posts_number=&#8220;3&#8243; include_categories=&#8220;72&#8243; show_more=&#8220;on&#8220; show_author=&#8220;off&#8220; show_date=&#8220;off&#8220; show_categories=&#8220;off&#8220; show_pagination=&#8220;off&#8220; _builder_version=&#8220;4.16&#8243; header_font=&#8220;Montserrat||||||||&#8220; header_font_size=&#8220;16px&#8220; header_line_height=&#8220;1.4em&#8220; body_font=&#8220;Montserrat|300|||||||&#8220; body_line_height=&#8220;2em&#8220; border_width_all=&#8220;0px&#8220; box_shadow_style=&#8220;preset3&#8243; box_shadow_vertical=&#8220;45px&#8220; box_shadow_blur=&#8220;62px&#8220; box_shadow_color=&#8220;rgba(18,47,100,0.06)&#8220; global_colors_info=&#8220;{}&#8220;][\/et_pb_blog][\/et_pb_column][\/et_pb_row][\/et_pb_section]<\/p>\n","protected":false},"excerpt":{"rendered":"<p>Capoeira Treffenam 01.04.2023in RAVENSBURG, Deutschland Das gr\u00f6\u00dfte Capoeira Treffen am Bodensee, mit vielen G\u00e4sten aus aller Welt. Kommt vorbei und erlebt Capoeira in Workshops,\u00a0 Kordelvergabe, Musik und gemeinsames Spielen in der Capoeira-Roda Ort:KJC Ravensburg SportcenterBr\u00fchlstra\u00dfe 36,88212 Ravensburg &nbsp;G\u00e4ste von Grupo Capoeira UNI\u00c3O: Mestre OmarMestrando DengosoProfessor Farinha und aus aller WELTContramestre EmboscadaContramestre AdrianoEstagi\u00e1rio Trigo Organisation Mestrando [&hellip;]<\/p>\n","protected":false},"author":10,"featured_media":0,"comment_status":"closed","ping_status":"closed","sticky":false,"template":"","format":"standard","meta":{"_et_pb_use_builder":"on","_et_pb_old_content":"","_et_gb_content_width":"795","jetpack_post_was_ever_published":false,"footnotes":"","jetpack_publicize_message":"","jetpack_is_tweetstorm":false,"jetpack_publicize_feature_enabled":true},"categories":[1,2,7,4,6],"tags":[55,56,49,58,14,41,69,76,51,44,57,52,22,45,46,63,47,27,62],"class_list":["post-1362","post","type-post","status-publish","format-standard","hentry","category-allgemein","category-neuigkeiten","category-training","category-wichtig","category-workshop","tag-friedrichshafen-ravensburg-bodensee-sport-tanz-kampfsport-kultur-brasilien","tag-bodensee","tag-brasil","tag-brasilien","tag-capoeira","tag-capoeira-kinder-training","tag-erwachsene","tag-fight","tag-friedrichshafen","tag-kampfkunst","tag-kampfsport","tag-ravensburg","tag-spas","tag-sport","tag-tanz","tag-training","tag-turnen","tag-uniao","tag-workshop"],"jetpack_publicize_connections":[],"jetpack_featured_media_url":"","jetpack_shortlink":"https:\/\/wp.me\/pcsGiZ-lY","jetpack-related-posts":[{"id":1646,"url":"https:\/\/capoeira-uniao.de\/blog\/schnupperkurs\/","url_meta":{"origin":1362,"position":0},"title":"Schnupperkurs in Kluftern","date":"01\/01\/2024","format":false,"excerpt":"Erlebt mit uns die Basics vom Capoeira Kampfsport, f\u00fcr Gro\u00df & Klein [weiterlesen]...","rel":"","context":"In &quot;Allgemein&quot;","img":{"alt_text":"","src":"https:\/\/i0.wp.com\/capoeira-uniao.de\/blog\/wp-content\/uploads\/2024\/02\/Seriea_Soneca_quadrat.jpg?fit=589%2C589&ssl=1&resize=350%2C200","width":350,"height":200},"classes":[]},{"id":904,"url":"https:\/\/capoeira-uniao.de\/blog\/capoeira-uniao-sommer-2016\/","url_meta":{"origin":1362,"position":1},"title":"Capoeira Uniao Sommer 2016","date":"04\/08\/2016","format":false,"excerpt":"Hallo hier unser Trainingszeiten im Sommer Ravensburg\u00a0Kjc Ravensburg \u00a0 \u00a0 \u00a0 \u00a0 \u00a0 \u00a0 \u00a0 \u00a0 \u00a0 \u00a0 \u00a0 \u00a0 \u00a0 \u00a0 Jugendliche \/Erwachsene ganz normal Montag 20:15 - 21:30, Mittwoch 18:30 -20:00 \u00a0 \u00a0 \u00a0 \u00a0 \u00a0 \u00a0 \u00a0 \u00a0\u00a0( Einsteiger, Anf\u00e4nger und Fortgeschrittene)\u00a0 Ab September wieder Einsteiger, Anf\u00e4nger\u2026","rel":"","context":"In &quot;Allgemein&quot;","img":{"alt_text":"","src":"https:\/\/i0.wp.com\/capoeira-uniao.de\/blog\/wp-content\/uploads\/2016\/08\/Capoeira_FN_16Jul2016_00737.jpg?fit=1200%2C650&ssl=1&resize=350%2C200","width":350,"height":200},"classes":[]},{"id":1951,"url":"https:\/\/capoeira-uniao.de\/blog\/training-kluftern\/","url_meta":{"origin":1362,"position":2},"title":"Training in Kluftern","date":"01\/11\/2025","format":false,"excerpt":"Erwachsenen & Jugendliche ab 14\u00a0Jahre Montags\u00a019:00 \u2013 20:30 Uhr Freitags\u00a018:30 \u2013 20:00 Uhr Kinder ab 8 Jahre Freitags\u00a016:30 \u2013 17:45 Uhr","rel":"","context":"In &quot;Allgemein&quot;","img":{"alt_text":"","src":"","width":0,"height":0},"classes":[]},{"id":959,"url":"https:\/\/capoeira-uniao.de\/blog\/training-2017\/","url_meta":{"origin":1362,"position":3},"title":"Trainingsbeginn 2019","date":"05\/01\/2017","format":false,"excerpt":"Ravensburg Erwachsene und Jugendliche, Einsteiger, Anf\u00e4nger und Fortgeschritne Erster Training 2019 am Montag 7 Januar. Kinder am Samstag 12 Januar 2019 gehts wieder los Kids.","rel":"","context":"In &quot;Allgemein&quot;","img":{"alt_text":"","src":"https:\/\/i0.wp.com\/capoeira-uniao.de\/blog\/wp-content\/uploads\/2017\/01\/capoeira_13-e1546520850253.jpg?fit=720%2C469&ssl=1&resize=350%2C200","width":350,"height":200},"classes":[]},{"id":1148,"url":"https:\/\/capoeira-uniao.de\/blog\/trainingszeiten\/","url_meta":{"origin":1362,"position":4},"title":"Training in Ravensburg im KJC","date":"07\/09\/2021","format":false,"excerpt":"CAPOEIRA f\u00fcr Einsteiger, Anf\u00e4nger und Fortgeschrittene. Erwachsene & Jugendliche ab 15 Jahre Mittwochs: 18:45 \u2013 20:15 Uhr Freitags: 18:30 \u2013 20:00 Uhr Kindertraining - Samstags: 10:00 \u2013 11:00 Uhr ab 4 Jahre 11:00 \u2013 12:30 Uhr ab 7 Jahre","rel":"","context":"In &quot;Allgemein&quot;","img":{"alt_text":"","src":"https:\/\/i0.wp.com\/capoeira-uniao.de\/blog\/wp-content\/uploads\/2021\/09\/Screenshot_20210907-112114_Office.jpg?resize=350%2C200&ssl=1","width":350,"height":200},"classes":[]},{"id":1054,"url":"https:\/\/capoeira-uniao.de\/blog\/event-oktober-2019\/","url_meta":{"origin":1362,"position":5},"title":"Event Oktober 2019","date":"23\/09\/2019","format":false,"excerpt":"Hallo liebe Capoeiristas, Ihr seid alle zu unserem dritten Capoeira Event in Ravensburg eingeladen\u00ac. Dieses Jahr finden wieder Workshops f\u00fcr Kinder und Erwachsene, Rodas und Batizado statt. Wann? 19 Oktober 2019 Samstag von 11:00 bis 18:00 Batizado-Workshops-Roda Workshops werden geleitet von Mestres und Professoren . G\u00e4ste: Mestre Omar Mestrando Dengoso\u2026","rel":"","context":"In &quot;Allgemein&quot;","img":{"alt_text":"","src":"https:\/\/i0.wp.com\/capoeira-uniao.de\/blog\/wp-content\/uploads\/2019\/09\/facebook_1569256502665.jpg?resize=350%2C200","width":350,"height":200},"classes":[]}],"_links":{"self":[{"href":"https:\/\/capoeira-uniao.de\/blog\/wp-json\/wp\/v2\/posts\/1362","targetHints":{"allow":["GET"]}}],"collection":[{"href":"https:\/\/capoeira-uniao.de\/blog\/wp-json\/wp\/v2\/posts"}],"about":[{"href":"https:\/\/capoeira-uniao.de\/blog\/wp-json\/wp\/v2\/types\/post"}],"author":[{"embeddable":true,"href":"https:\/\/capoeira-uniao.de\/blog\/wp-json\/wp\/v2\/users\/10"}],"replies":[{"embeddable":true,"href":"https:\/\/capoeira-uniao.de\/blog\/wp-json\/wp\/v2\/comments?post=1362"}],"version-history":[{"count":100,"href":"https:\/\/capoeira-uniao.de\/blog\/wp-json\/wp\/v2\/posts\/1362\/revisions"}],"predecessor-version":[{"id":1755,"href":"https:\/\/capoeira-uniao.de\/blog\/wp-json\/wp\/v2\/posts\/1362\/revisions\/1755"}],"wp:attachment":[{"href":"https:\/\/capoeira-uniao.de\/blog\/wp-json\/wp\/v2\/media?parent=1362"}],"wp:term":[{"taxonomy":"category","embeddable":true,"href":"https:\/\/capoeira-uniao.de\/blog\/wp-json\/wp\/v2\/categories?post=1362"},{"taxonomy":"post_tag","embeddable":true,"href":"https:\/\/capoeira-uniao.de\/blog\/wp-json\/wp\/v2\/tags?post=1362"}],"curies":[{"name":"wp","href":"https:\/\/api.w.org\/{rel}","templated":true}]}}